{"id":232,"date":"2016-04-19T09:18:12","date_gmt":"2016-04-19T07:18:12","guid":{"rendered":"http:\/\/www.diepositiven.ch\/website\/?p=232"},"modified":"2017-02-08T16:01:48","modified_gmt":"2017-02-08T15:01:48","slug":"sommersynode-2016","status":"publish","type":"post","link":"http:\/\/www.diepositiven.ch\/website\/?p=232","title":{"rendered":"Sommersynode 2016"},"content":{"rendered":"<p>Die Sommersynode findet nur am <strong>Dienstag, 24. Mai 2016<\/strong> statt. Sollte es die Behandlung der Traktanden erfordern, k\u00f6nnte die Synode am Abend etwas l\u00e4nger dauern.<\/p>\n<p>Daher ist auch nur <span style=\"text-decoration: underline;\">eine<\/span> Fraktionssitzung n\u00f6tig: am <strong>Dienstag, 3. Mai 2016, 14:00 &#8211; 17:00 Uhr<\/strong>.<\/p>\n","protected":false},"excerpt":{"rendered":"<p>Die Sommersynode findet nur am Dienstag, 24. Mai 2016 statt. Sollte es die Behandlung der Traktanden erfordern, k\u00f6nnte die Synode am Abend etwas l\u00e4nger dauern. Daher ist auch nur eine Fraktionssitzung n\u00f6tig: am Dienstag, 3. Mai 2016, 14:00 &#8211; 17:00 Uhr.<\/p>\n","protected":false},"author":1,"featured_media":0,"comment_status":"closed","ping_status":"closed","sticky":false,"template":"","format":"standard","meta":{"footnotes":""},"categories":[1],"tags":[],"class_list":["post-232","post","type-post","status-publish","format-standard","hentry","category-allgemein"],"_links":{"self":[{"href":"http:\/\/www.diepositiven.ch\/website\/index.php?rest_route=\/wp\/v2\/posts\/232","targetHints":{"allow":["GET"]}}],"collection":[{"href":"http:\/\/www.diepositiven.ch\/website\/index.php?rest_route=\/wp\/v2\/posts"}],"about":[{"href":"http:\/\/www.diepositiven.ch\/website\/index.php?rest_route=\/wp\/v2\/types\/post"}],"author":[{"embeddable":true,"href":"http:\/\/www.diepositiven.ch\/website\/index.php?rest_route=\/wp\/v2\/users\/1"}],"replies":[{"embeddable":true,"href":"http:\/\/www.diepositiven.ch\/website\/index.php?rest_route=%2Fwp%2Fv2%2Fcomments&post=232"}],"version-history":[{"count":3,"href":"http:\/\/www.diepositiven.ch\/website\/index.php?rest_route=\/wp\/v2\/posts\/232\/revisions"}],"predecessor-version":[{"id":235,"href":"http:\/\/www.diepositiven.ch\/website\/index.php?rest_route=\/wp\/v2\/posts\/232\/revisions\/235"}],"wp:attachment":[{"href":"http:\/\/www.diepositiven.ch\/website\/index.php?rest_route=%2Fwp%2Fv2%2Fmedia&parent=232"}],"wp:term":[{"taxonomy":"category","embeddable":true,"href":"http:\/\/www.diepositiven.ch\/website\/index.php?rest_route=%2Fwp%2Fv2%2Fcategories&post=232"},{"taxonomy":"post_tag","embeddable":true,"href":"http:\/\/www.diepositiven.ch\/website\/index.php?rest_route=%2Fwp%2Fv2%2Ftags&post=232"}],"curies":[{"name":"wp","href":"https:\/\/api.w.org\/{rel}","templated":true}]}}