{"id":369,"date":"2020-09-02T11:21:26","date_gmt":"2020-09-02T09:21:26","guid":{"rendered":"http:\/\/www.diepositiven.ch\/website\/?p=369"},"modified":"2020-10-30T17:12:43","modified_gmt":"2020-10-30T16:12:43","slug":"fraktionstreffen-in-der-kirchgemeinde-muensingen-vom-28-08-2020","status":"publish","type":"post","link":"http:\/\/www.diepositiven.ch\/website\/?p=369","title":{"rendered":"Fraktionstreffen in der Kirchgemeinde M\u00fcnsingen vom 28.08.2020"},"content":{"rendered":"<p>Der Verein und die Fraktion der Positiven waren am 28. August 2020 zu Gast in der Kirchgemeinde M\u00fcnsingen. U.a. besichtigen wir ein Bijou, die Kirche Kleinh\u00f6chstetten (siehe Bild). Herzlichen Dank der Kirchgemeinde M\u00fcnsingen f\u00fcr den freundlichen Empfang.<\/p>\n","protected":false},"excerpt":{"rendered":"<p>Der Verein und die Fraktion der Positiven waren am 28. August 2020 zu Gast in der Kirchgemeinde M\u00fcnsingen. U.a. besichtigen wir ein Bijou, die Kirche Kleinh\u00f6chstetten (siehe Bild). Herzlichen Dank der Kirchgemeinde M\u00fcnsingen f\u00fcr den freundlichen Empfang.<\/p>\n","protected":false},"author":1,"featured_media":368,"comment_status":"closed","ping_status":"closed","sticky":false,"template":"","format":"standard","meta":{"footnotes":""},"categories":[1],"tags":[],"class_list":["post-369","post","type-post","status-publish","format-standard","has-post-thumbnail","hentry","category-allgemein"],"_links":{"self":[{"href":"http:\/\/www.diepositiven.ch\/website\/index.php?rest_route=\/wp\/v2\/posts\/369","targetHints":{"allow":["GET"]}}],"collection":[{"href":"http:\/\/www.diepositiven.ch\/website\/index.php?rest_route=\/wp\/v2\/posts"}],"about":[{"href":"http:\/\/www.diepositiven.ch\/website\/index.php?rest_route=\/wp\/v2\/types\/post"}],"author":[{"embeddable":true,"href":"http:\/\/www.diepositiven.ch\/website\/index.php?rest_route=\/wp\/v2\/users\/1"}],"replies":[{"embeddable":true,"href":"http:\/\/www.diepositiven.ch\/website\/index.php?rest_route=%2Fwp%2Fv2%2Fcomments&post=369"}],"version-history":[{"count":2,"href":"http:\/\/www.diepositiven.ch\/website\/index.php?rest_route=\/wp\/v2\/posts\/369\/revisions"}],"predecessor-version":[{"id":371,"href":"http:\/\/www.diepositiven.ch\/website\/index.php?rest_route=\/wp\/v2\/posts\/369\/revisions\/371"}],"wp:featuredmedia":[{"embeddable":true,"href":"http:\/\/www.diepositiven.ch\/website\/index.php?rest_route=\/wp\/v2\/media\/368"}],"wp:attachment":[{"href":"http:\/\/www.diepositiven.ch\/website\/index.php?rest_route=%2Fwp%2Fv2%2Fmedia&parent=369"}],"wp:term":[{"taxonomy":"category","embeddable":true,"href":"http:\/\/www.diepositiven.ch\/website\/index.php?rest_route=%2Fwp%2Fv2%2Fcategories&post=369"},{"taxonomy":"post_tag","embeddable":true,"href":"http:\/\/www.diepositiven.ch\/website\/index.php?rest_route=%2Fwp%2Fv2%2Ftags&post=369"}],"curies":[{"name":"wp","href":"https:\/\/api.w.org\/{rel}","templated":true}]}}