{"id":391,"date":"2022-11-14T20:46:00","date_gmt":"2022-11-14T19:46:00","guid":{"rendered":"http:\/\/www.diepositiven.ch\/website\/?p=391"},"modified":"2024-08-30T09:14:50","modified_gmt":"2024-08-30T07:14:50","slug":"fraktionstreffen-in-der-kirchgemeinde-wynigen-vom-02-09-2022","status":"publish","type":"post","link":"http:\/\/www.diepositiven.ch\/website\/?p=391","title":{"rendered":"Fraktionstreffen in der Kirchgemeinde Wynigen vom 02.09.2022"},"content":{"rendered":"<p>Am 2.9.2022 waren Fraktion und Verein der Positiven zu Gast in Wynigen. Wir wurden freundlich empfangen, gut bewirtet und h\u00f6rten interessante Vortr\u00e4ge \u00fcber die Geschichte der Kirche Wynigen und \u00fcber die Frage: sind die Positiven Evangelikal? Hinweise zum Evangelikalismus finden sich in der Lausanner Verpflichtung unter folgendem <a href=\"https:\/\/lausanne.org\/wp-content\/uploads\/2011\/06\/55.pdf\" target=\"_blank\" rel=\"noopener\">Link<\/a>. Die Schlussfolgerung lautet: Die Positiven sind nicht evangelikal, sondern Positiv! Vielen Dank an Gian-Enrico Rossi und Team.<\/p>\n<p>&nbsp;<\/p>\n","protected":false},"excerpt":{"rendered":"<p>Am 2.9.2022 waren Fraktion und Verein der Positiven zu Gast in Wynigen. Wir wurden freundlich empfangen, gut bewirtet und h\u00f6rten interessante Vortr\u00e4ge \u00fcber die Geschichte der Kirche Wynigen und \u00fcber die Frage: sind die Positiven Evangelikal? Hinweise zum Evangelikalismus finden sich in der Lausanner Verpflichtung unter folgendem Link. Die Schlussfolgerung lautet: Die Positiven sind nicht &#8230; <a class=\"read-more\" href=\"http:\/\/www.diepositiven.ch\/website\/?p=391\">Mehr lesen&#8230;<\/a><\/p>\n","protected":false},"author":1,"featured_media":390,"comment_status":"closed","ping_status":"closed","sticky":false,"template":"","format":"standard","meta":{"footnotes":""},"categories":[1],"tags":[],"class_list":["post-391","post","type-post","status-publish","format-standard","has-post-thumbnail","hentry","category-allgemein"],"_links":{"self":[{"href":"http:\/\/www.diepositiven.ch\/website\/index.php?rest_route=\/wp\/v2\/posts\/391","targetHints":{"allow":["GET"]}}],"collection":[{"href":"http:\/\/www.diepositiven.ch\/website\/index.php?rest_route=\/wp\/v2\/posts"}],"about":[{"href":"http:\/\/www.diepositiven.ch\/website\/index.php?rest_route=\/wp\/v2\/types\/post"}],"author":[{"embeddable":true,"href":"http:\/\/www.diepositiven.ch\/website\/index.php?rest_route=\/wp\/v2\/users\/1"}],"replies":[{"embeddable":true,"href":"http:\/\/www.diepositiven.ch\/website\/index.php?rest_route=%2Fwp%2Fv2%2Fcomments&post=391"}],"version-history":[{"count":4,"href":"http:\/\/www.diepositiven.ch\/website\/index.php?rest_route=\/wp\/v2\/posts\/391\/revisions"}],"predecessor-version":[{"id":395,"href":"http:\/\/www.diepositiven.ch\/website\/index.php?rest_route=\/wp\/v2\/posts\/391\/revisions\/395"}],"wp:featuredmedia":[{"embeddable":true,"href":"http:\/\/www.diepositiven.ch\/website\/index.php?rest_route=\/wp\/v2\/media\/390"}],"wp:attachment":[{"href":"http:\/\/www.diepositiven.ch\/website\/index.php?rest_route=%2Fwp%2Fv2%2Fmedia&parent=391"}],"wp:term":[{"taxonomy":"category","embeddable":true,"href":"http:\/\/www.diepositiven.ch\/website\/index.php?rest_route=%2Fwp%2Fv2%2Fcategories&post=391"},{"taxonomy":"post_tag","embeddable":true,"href":"http:\/\/www.diepositiven.ch\/website\/index.php?rest_route=%2Fwp%2Fv2%2Ftags&post=391"}],"curies":[{"name":"wp","href":"https:\/\/api.w.org\/{rel}","templated":true}]}}