{"id":8,"date":"2015-08-03T20:11:13","date_gmt":"2015-08-03T18:11:13","guid":{"rendered":"http:\/\/www.diepositiven.ch\/website\/?p=8"},"modified":"2018-12-06T14:41:48","modified_gmt":"2018-12-06T13:41:48","slug":"wechsel-im-praesidium-der-fraktion","status":"publish","type":"post","link":"http:\/\/www.diepositiven.ch\/website\/?p=8","title":{"rendered":"Wechsel im Pr\u00e4sidium der Fraktion"},"content":{"rendered":"<p>Elisabeth Z\u00fcrcher tritt per Ende Juli nach 5 Jahren als Fraktionspr\u00e4sidentin und aus der Synode zur\u00fcck. 13 Jahre hat Elisabeth in der Synode mitgearbeitet. Ganz herzlichen Dank f\u00fcr deine grosse Arbeit!<\/p>\n<p>Neu \u00fcbernimmt das Amt der Pr\u00e4sidentin Sr. Lydia Schranz, Bern.<\/p>\n<p><em>copyright: \u00a0Stiftung diaconis; <a href=\"http:\/\/www.diaconis.ch\/\">www.diaconis.ch<\/a><\/em><\/p>\n","protected":false},"excerpt":{"rendered":"<p>Elisabeth Z\u00fcrcher tritt per Ende Juli nach 5 Jahren als Fraktionspr\u00e4sidentin und aus der Synode zur\u00fcck. 13 Jahre hat Elisabeth in der Synode mitgearbeitet. Ganz herzlichen Dank f\u00fcr deine grosse Arbeit! Neu \u00fcbernimmt das Amt der Pr\u00e4sidentin Sr. Lydia Schranz, Bern. copyright: \u00a0Stiftung diaconis; www.diaconis.ch<\/p>\n","protected":false},"author":1,"featured_media":199,"comment_status":"closed","ping_status":"closed","sticky":false,"template":"","format":"standard","meta":{"footnotes":""},"categories":[1],"tags":[],"class_list":["post-8","post","type-post","status-publish","format-standard","has-post-thumbnail","hentry","category-allgemein"],"_links":{"self":[{"href":"http:\/\/www.diepositiven.ch\/website\/index.php?rest_route=\/wp\/v2\/posts\/8","targetHints":{"allow":["GET"]}}],"collection":[{"href":"http:\/\/www.diepositiven.ch\/website\/index.php?rest_route=\/wp\/v2\/posts"}],"about":[{"href":"http:\/\/www.diepositiven.ch\/website\/index.php?rest_route=\/wp\/v2\/types\/post"}],"author":[{"embeddable":true,"href":"http:\/\/www.diepositiven.ch\/website\/index.php?rest_route=\/wp\/v2\/users\/1"}],"replies":[{"embeddable":true,"href":"http:\/\/www.diepositiven.ch\/website\/index.php?rest_route=%2Fwp%2Fv2%2Fcomments&post=8"}],"version-history":[{"count":7,"href":"http:\/\/www.diepositiven.ch\/website\/index.php?rest_route=\/wp\/v2\/posts\/8\/revisions"}],"predecessor-version":[{"id":342,"href":"http:\/\/www.diepositiven.ch\/website\/index.php?rest_route=\/wp\/v2\/posts\/8\/revisions\/342"}],"wp:featuredmedia":[{"embeddable":true,"href":"http:\/\/www.diepositiven.ch\/website\/index.php?rest_route=\/wp\/v2\/media\/199"}],"wp:attachment":[{"href":"http:\/\/www.diepositiven.ch\/website\/index.php?rest_route=%2Fwp%2Fv2%2Fmedia&parent=8"}],"wp:term":[{"taxonomy":"category","embeddable":true,"href":"http:\/\/www.diepositiven.ch\/website\/index.php?rest_route=%2Fwp%2Fv2%2Fcategories&post=8"},{"taxonomy":"post_tag","embeddable":true,"href":"http:\/\/www.diepositiven.ch\/website\/index.php?rest_route=%2Fwp%2Fv2%2Ftags&post=8"}],"curies":[{"name":"wp","href":"https:\/\/api.w.org\/{rel}","templated":true}]}}